{"id":860,"date":"2017-01-16T21:48:57","date_gmt":"2017-01-16T20:48:57","guid":{"rendered":"http:\/\/pilau.fr\/wordpress\/?p=860"},"modified":"2017-01-16T21:48:57","modified_gmt":"2017-01-16T20:48:57","slug":"la-bande-dessinee-hors-les-livres","status":"publish","type":"post","link":"https:\/\/pilau.fr\/wordpress\/?p=860","title":{"rendered":"La bande dessin\u00e9e hors les livres"},"content":{"rendered":"<div class=\"prose\">\n<p>C&rsquo;est le nom de la conf\u00e9rence que je vais donner avec <strong>Laura Caraballo<\/strong> dans le cadre du Festival International de la Bande Dessin\u00e9e d&rsquo;Angoul\u00eame<\/p>\n<p>La conf\u00e9rence porte sur les formes et pratiques de bande dessin\u00e9e con\u00e7ues pour l\u2019espace expositif : Un parcours parmi des oeuvres \u00e9tonnantes de Benoit Jacques,\u00a0<a href=\"http:\/\/www.facebook.com\/etienne.lecroart\" target=\"_blank\" rel=\"nofollow noopener\">Etienne L\u00e9croart<\/a>, Philippe Dupuy, Martin Vitaliti, etc.<\/p>\n<p><strong>Samedi 28 janvier &#8211; 12h \u00e0 13h30<\/strong><\/p>\n<p><strong>Conservatoire &#8211; Salle Gershwin.<\/strong><\/p>\n<p>http:\/\/www.bdangoulemepro.com\/page-professionnels,programme-heure-par-heure,5.html<\/p>\n<\/div>\n","protected":false},"excerpt":{"rendered":"<p>C&rsquo;est le nom de la conf\u00e9rence que je vais donner avec Laura Caraballo dans le cadre du Festival International de la Bande Dessin\u00e9e d&rsquo;Angoul\u00eame La conf\u00e9rence porte sur les formes et pratiques de bande dessin\u00e9e con\u00e7ues pour l\u2019espace expositif :&hellip;<\/p>\n<p class=\"more-link-p\"><a class=\"more-link\" href=\"https:\/\/pilau.fr\/wordpress\/?p=860\">Read more &rarr;<\/a><\/p>\n","protected":false},"author":1,"featured_media":0,"comment_status":"open","ping_status":"open","sticky":false,"template":"","format":"standard","meta":{"footnotes":""},"categories":[6],"tags":[],"_links":{"self":[{"href":"https:\/\/pilau.fr\/wordpress\/index.php?rest_route=\/wp\/v2\/posts\/860"}],"collection":[{"href":"https:\/\/pilau.fr\/wordpress\/index.php?rest_route=\/wp\/v2\/posts"}],"about":[{"href":"https:\/\/pilau.fr\/wordpress\/index.php?rest_route=\/wp\/v2\/types\/post"}],"author":[{"embeddable":true,"href":"https:\/\/pilau.fr\/wordpress\/index.php?rest_route=\/wp\/v2\/users\/1"}],"replies":[{"embeddable":true,"href":"https:\/\/pilau.fr\/wordpress\/index.php?rest_route=%2Fwp%2Fv2%2Fcomments&post=860"}],"version-history":[{"count":1,"href":"https:\/\/pilau.fr\/wordpress\/index.php?rest_route=\/wp\/v2\/posts\/860\/revisions"}],"predecessor-version":[{"id":861,"href":"https:\/\/pilau.fr\/wordpress\/index.php?rest_route=\/wp\/v2\/posts\/860\/revisions\/861"}],"wp:attachment":[{"href":"https:\/\/pilau.fr\/wordpress\/index.php?rest_route=%2Fwp%2Fv2%2Fmedia&parent=860"}],"wp:term":[{"taxonomy":"category","embeddable":true,"href":"https:\/\/pilau.fr\/wordpress\/index.php?rest_route=%2Fwp%2Fv2%2Fcategories&post=860"},{"taxonomy":"post_tag","embeddable":true,"href":"https:\/\/pilau.fr\/wordpress\/index.php?rest_route=%2Fwp%2Fv2%2Ftags&post=860"}],"curies":[{"name":"wp","href":"https:\/\/api.w.org\/{rel}","templated":true}]}}