{"id":699,"date":"2016-02-23T14:52:57","date_gmt":"2016-02-23T13:52:57","guid":{"rendered":"http:\/\/pilau.fr\/wordpress\/?p=699"},"modified":"2016-02-23T14:54:41","modified_gmt":"2016-02-23T13:54:41","slug":"699","status":"publish","type":"post","link":"https:\/\/pilau.fr\/wordpress\/?p=699","title":{"rendered":"L&rsquo;innovation territoriale en bande dessin\u00e9e !!!"},"content":{"rendered":"<p><img loading=\"lazy\" decoding=\"async\" class=\"aligncenter size-medium wp-image-700\" src=\"http:\/\/pilau.fr\/wordpress\/wp-content\/uploads\/2016\/02\/1455265390-extrait-300x192.jpg\" alt=\"1455265390 - extrait\" width=\"300\" height=\"192\" srcset=\"https:\/\/pilau.fr\/wordpress\/wp-content\/uploads\/2016\/02\/1455265390-extrait-300x192.jpg 300w, https:\/\/pilau.fr\/wordpress\/wp-content\/uploads\/2016\/02\/1455265390-extrait.jpg 383w\" sizes=\"(max-width: 300px) 100vw, 300px\" \/>Depuis octobre 2015, 4 \u00e9tudiants de Sciences-Po Paris et 4 \u00e9tudiants de l&rsquo;\u00e9cole Emile Cohl de Lyon collaborent pour r\u00e9aliser des reportages en bandes dessin\u00e9es sur l&rsquo;innovation territoriale.<\/p>\n<p>Ils enqu\u00eatent ensemble sur 8\u00a0projets innovants associant des acteurs publics, des dynamiques associatives et des entreprises priv\u00e9es et cr\u00e9ent 8 r\u00e9cits de bande dessin\u00e9e racontant ce qu&rsquo;ils ont vu.<\/p>\n<p>Initi\u00e9 par le Minist\u00e8re de la D\u00e9centralisation et de la Fonction Publique et port\u00e9 par le SGMAP (Secr\u00e9tariat G\u00e9n\u00e9ral \u00e0 la Modernisation de l&rsquo;Action Publique), le CGET (Commissariat G\u00e9n\u00e9ral \u00e0 l&rsquo;Egalit\u00e9 des Territoires) et la SNCF, le projet se donne pour objectif de\u00a0donner plus de r\u00e9alit\u00e9 \u00e0 l\u2019expression abstraite d\u2019\u00abinnovation\u00a0territoriale\u00bb, et\u00a0de montrer que des transformations de l\u2019action publique sont possibles.<\/p>\n<p>Le blog du projet est ici :\u00a0<a href=\"http:\/\/www.innovationdessinee.fr\" target=\"_blank\">http:\/\/www.innovationdessinee.fr<\/a><a href=\"http:\/\/pilau.fr\/wordpress\/wp-content\/uploads\/2016\/02\/1455265390-extrait.jpg\"><br \/>\n<\/a><\/p>\n<p>Pour le moment, vous pouvez suivre l&rsquo;avancement des enqu\u00eates et d&rsquo;ici mai, c&rsquo;est ici que seront publi\u00e9es les bandes dessin\u00e9es !<\/p>\n<p>ha oui et les \u00e9l\u00e8ves sont encadr\u00e9s par Olivier Jouvray et Pierre-Laurent Daures<\/p>\n","protected":false},"excerpt":{"rendered":"<p>Depuis octobre 2015, 4 \u00e9tudiants de Sciences-Po Paris et 4 \u00e9tudiants de l&rsquo;\u00e9cole Emile Cohl de Lyon collaborent pour r\u00e9aliser des reportages en bandes dessin\u00e9es sur l&rsquo;innovation territoriale. Ils enqu\u00eatent ensemble sur 8\u00a0projets innovants associant des acteurs publics, des dynamiques&hellip;<\/p>\n<p class=\"more-link-p\"><a class=\"more-link\" href=\"https:\/\/pilau.fr\/wordpress\/?p=699\">Read more &rarr;<\/a><\/p>\n","protected":false},"author":1,"featured_media":0,"comment_status":"open","ping_status":"open","sticky":false,"template":"","format":"standard","meta":{"footnotes":""},"categories":[8],"tags":[],"_links":{"self":[{"href":"https:\/\/pilau.fr\/wordpress\/index.php?rest_route=\/wp\/v2\/posts\/699"}],"collection":[{"href":"https:\/\/pilau.fr\/wordpress\/index.php?rest_route=\/wp\/v2\/posts"}],"about":[{"href":"https:\/\/pilau.fr\/wordpress\/index.php?rest_route=\/wp\/v2\/types\/post"}],"author":[{"embeddable":true,"href":"https:\/\/pilau.fr\/wordpress\/index.php?rest_route=\/wp\/v2\/users\/1"}],"replies":[{"embeddable":true,"href":"https:\/\/pilau.fr\/wordpress\/index.php?rest_route=%2Fwp%2Fv2%2Fcomments&post=699"}],"version-history":[{"count":4,"href":"https:\/\/pilau.fr\/wordpress\/index.php?rest_route=\/wp\/v2\/posts\/699\/revisions"}],"predecessor-version":[{"id":704,"href":"https:\/\/pilau.fr\/wordpress\/index.php?rest_route=\/wp\/v2\/posts\/699\/revisions\/704"}],"wp:attachment":[{"href":"https:\/\/pilau.fr\/wordpress\/index.php?rest_route=%2Fwp%2Fv2%2Fmedia&parent=699"}],"wp:term":[{"taxonomy":"category","embeddable":true,"href":"https:\/\/pilau.fr\/wordpress\/index.php?rest_route=%2Fwp%2Fv2%2Fcategories&post=699"},{"taxonomy":"post_tag","embeddable":true,"href":"https:\/\/pilau.fr\/wordpress\/index.php?rest_route=%2Fwp%2Fv2%2Ftags&post=699"}],"curies":[{"name":"wp","href":"https:\/\/api.w.org\/{rel}","templated":true}]}}