{"id":690,"date":"2016-01-23T13:28:46","date_gmt":"2016-01-23T12:28:46","guid":{"rendered":"http:\/\/pilau.fr\/wordpress\/?p=690"},"modified":"2016-01-23T13:28:46","modified_gmt":"2016-01-23T12:28:46","slug":"les-ecritures-visuelles-de-lhistoire-6eme-seance-le-30-janvier-2016-au-festival-dangouleme","status":"publish","type":"post","link":"https:\/\/pilau.fr\/wordpress\/?p=690","title":{"rendered":"Les \u00e9critures visuelles de l\u2019histoire \u00bb \u2013 6\u00e8me s\u00e9ance le 30 janvier 2016 au festival d&rsquo;Angoul\u00eame"},"content":{"rendered":"<div id=\"js_18\" class=\"_5pbx userContent\" data-ft=\"{&quot;tn&quot;:&quot;K&quot;}\">\n<div id=\"id_56a37082a57bd8091841058\" class=\"text_exposed_root text_exposed\">\n<h2 style=\"text-align: center;\">Dessiner la seconde guerre mondiale :<br \/>\nquels enjeux en 1944 et en 2015 ?<\/h2>\n<h3 style=\"text-align: center;\">avec Jean-Pierre Mercier<br \/>\net les cr\u00e9ateurs de la bande dessin\u00e9e<br \/>\n\u00ab\u00a0Les ann\u00e9es noires, Angoul\u00eame 1940-1944\u00a0\u00bb<\/h3>\n<p><a href=\"http:\/\/pilau.fr\/wordpress\/wp-content\/uploads\/2016\/01\/la-bete-est-morte.jpg\"><img loading=\"lazy\" decoding=\"async\" class=\"size-medium wp-image-691 alignleft\" src=\"http:\/\/pilau.fr\/wordpress\/wp-content\/uploads\/2016\/01\/la-bete-est-morte-225x300.jpg\" alt=\"la bete est morte\" width=\"225\" height=\"300\" srcset=\"https:\/\/pilau.fr\/wordpress\/wp-content\/uploads\/2016\/01\/la-bete-est-morte-225x300.jpg 225w, https:\/\/pilau.fr\/wordpress\/wp-content\/uploads\/2016\/01\/la-bete-est-morte-768x1024.jpg 768w, https:\/\/pilau.fr\/wordpress\/wp-content\/uploads\/2016\/01\/la-bete-est-morte.jpg 1919w\" sizes=\"(max-width: 225px) 100vw, 225px\" \/><\/a><a href=\"http:\/\/pilau.fr\/wordpress\/wp-content\/uploads\/2016\/01\/Les-Ann\u00e9es-noires-Angoul\u00eame-1940-1944.jpg\"><img loading=\"lazy\" decoding=\"async\" class=\"size-medium wp-image-692 alignleft\" src=\"http:\/\/pilau.fr\/wordpress\/wp-content\/uploads\/2016\/01\/Les-Ann\u00e9es-noires-Angoul\u00eame-1940-1944-212x300.jpg\" alt=\"Les Ann\u00e9es noires, Angoul\u00eame 1940-1944\" width=\"212\" height=\"300\" srcset=\"https:\/\/pilau.fr\/wordpress\/wp-content\/uploads\/2016\/01\/Les-Ann\u00e9es-noires-Angoul\u00eame-1940-1944-212x300.jpg 212w, https:\/\/pilau.fr\/wordpress\/wp-content\/uploads\/2016\/01\/Les-Ann\u00e9es-noires-Angoul\u00eame-1940-1944.jpg 509w\" sizes=\"(max-width: 212px) 100vw, 212px\" \/><\/a><\/p>\n<div class=\"text_exposed_show\">\n<p>&nbsp;<\/p>\n<p>&nbsp;<\/p>\n<p>&nbsp;<\/p>\n<p>&nbsp;<\/p>\n<p>&nbsp;<\/p>\n<p>&nbsp;<\/p>\n<p style=\"text-align: center;\">\n<p>&nbsp;<\/p>\n<p>Pour sa sixi\u00e8me s\u00e9ance, le cycle de rencontres \u00ab \u00c9critures visuelles de l\u2019Histoire \u00bb s&rsquo;installe exceptionnellement \u00e0 Angoul\u00eame, durant le Festival international de la bande dessin\u00e9e.<\/p>\n<p>Cette s\u00e9ance intitul\u00e9e \u00ab\u00a0Dessiner la seconde guerre mondiale : quels enjeux en 1944 et en 2015 ?\u00a0\u00bb comprend deux moments :<br \/>\n&#8211; l\u2019intervention de <strong>Jean-Pierre Mercier<\/strong> \u00e0 propos de <strong><em>La B\u00eate est morte !<\/em> <\/strong>de Calvo et Lancette,<br \/>\n&#8211; une table ronde avec les cr\u00e9ateurs de <strong><em>Les ann\u00e9es noires, Angoul\u00eame 1940-1944<\/em><\/strong> : Eric Wantiez, sc\u00e9nariste, Fawzi Baghdadli, desinateur, G\u00e9rard Benguigui, pr\u00e9sident de l\u2019association des juifs d\u2019Angoul\u00eame et de la Charente et d\u00e9l\u00e9gu\u00e9 r\u00e9gional de Yad Vashem ainsi que d\u2019autres intervenants.<\/p>\n<h3 style=\"text-align: center;\"><strong>Samedi 30 janvier 2016 de 11h \u00e0 13h<\/strong><\/h3>\n<h3 style=\"text-align: center;\"><strong>\u00e0 la Cit\u00e9 internationale de la bande dessin\u00e9e et de l\u2019image<\/strong><br \/>\n<strong>Salle Laloux.<\/strong><\/h3>\n<p>Vous pouvez retrouver l&rsquo;annonce de l&rsquo;\u00e9v\u00e9nement sur le site de la cit\u00e9 (avec le plan d\u2019acc\u00e8s) ici :\u00a0<a href=\"http:\/\/www.citebd.org\/spip.php?article7629\" target=\"_blank\" rel=\"nofollow\">http:\/\/www.citebd.org\/spip.php?article7629<\/a><\/p>\n<\/div>\n<\/div>\n<div class=\"_5wpt\"><\/div>\n<\/div>\n<div class=\"_3x-2\"><\/div>\n","protected":false},"excerpt":{"rendered":"<p>Dessiner la seconde guerre mondiale : quels enjeux en 1944 et en 2015 ? avec Jean-Pierre Mercier et les cr\u00e9ateurs de la bande dessin\u00e9e \u00ab\u00a0Les ann\u00e9es noires, Angoul\u00eame 1940-1944\u00a0\u00bb &nbsp; &nbsp; &nbsp; &nbsp; &nbsp; &nbsp; &nbsp; Pour sa sixi\u00e8me s\u00e9ance,&hellip;<\/p>\n<p class=\"more-link-p\"><a class=\"more-link\" href=\"https:\/\/pilau.fr\/wordpress\/?p=690\">Read more &rarr;<\/a><\/p>\n","protected":false},"author":1,"featured_media":0,"comment_status":"open","ping_status":"open","sticky":false,"template":"","format":"standard","meta":{"footnotes":""},"categories":[6],"tags":[],"_links":{"self":[{"href":"https:\/\/pilau.fr\/wordpress\/index.php?rest_route=\/wp\/v2\/posts\/690"}],"collection":[{"href":"https:\/\/pilau.fr\/wordpress\/index.php?rest_route=\/wp\/v2\/posts"}],"about":[{"href":"https:\/\/pilau.fr\/wordpress\/index.php?rest_route=\/wp\/v2\/types\/post"}],"author":[{"embeddable":true,"href":"https:\/\/pilau.fr\/wordpress\/index.php?rest_route=\/wp\/v2\/users\/1"}],"replies":[{"embeddable":true,"href":"https:\/\/pilau.fr\/wordpress\/index.php?rest_route=%2Fwp%2Fv2%2Fcomments&post=690"}],"version-history":[{"count":1,"href":"https:\/\/pilau.fr\/wordpress\/index.php?rest_route=\/wp\/v2\/posts\/690\/revisions"}],"predecessor-version":[{"id":693,"href":"https:\/\/pilau.fr\/wordpress\/index.php?rest_route=\/wp\/v2\/posts\/690\/revisions\/693"}],"wp:attachment":[{"href":"https:\/\/pilau.fr\/wordpress\/index.php?rest_route=%2Fwp%2Fv2%2Fmedia&parent=690"}],"wp:term":[{"taxonomy":"category","embeddable":true,"href":"https:\/\/pilau.fr\/wordpress\/index.php?rest_route=%2Fwp%2Fv2%2Fcategories&post=690"},{"taxonomy":"post_tag","embeddable":true,"href":"https:\/\/pilau.fr\/wordpress\/index.php?rest_route=%2Fwp%2Fv2%2Ftags&post=690"}],"curies":[{"name":"wp","href":"https:\/\/api.w.org\/{rel}","templated":true}]}}