{"id":539,"date":"2015-03-29T09:43:53","date_gmt":"2015-03-29T08:43:53","guid":{"rendered":"http:\/\/pilau.fr\/wordpress\/?p=539"},"modified":"2015-03-29T09:43:53","modified_gmt":"2015-03-29T08:43:53","slug":"les-ecritures-visuelles-de-lhistoire-3-avril-a-17h-avec-david-vandermeulen","status":"publish","type":"post","link":"https:\/\/pilau.fr\/wordpress\/?p=539","title":{"rendered":"Les \u00e9critures visuelles de l&rsquo;histoire &#8211; 3 avril \u00e0 17h &#8211; avec David Vandermeulen"},"content":{"rendered":"<p><a href=\"http:\/\/pilau.fr\/wordpress\/wp-content\/uploads\/2015\/03\/image.png\"><img loading=\"lazy\" decoding=\"async\" class=\"aligncenter  wp-image-540\" src=\"http:\/\/pilau.fr\/wordpress\/wp-content\/uploads\/2015\/03\/image-300x158.png\" alt=\"image\" width=\"471\" height=\"262\" \/><\/a><\/p>\n<p>Notre sixi\u00e8me s\u00e9ance se d\u00e9roulera<\/p>\n<div class=\"\">\n<div class=\"\" dir=\"ltr\">\n<div class=\"\">\n<div class=\"\"><\/div>\n<div class=\"\" style=\"text-align: center;\"><span class=\"\"><b class=\"\">le vendredi 3 avril de 17h \u00e0 19h<\/b>.<br class=\"\" \/><\/span><\/div>\n<div class=\"\" style=\"text-align: center;\">\u00e0 la Biblioth\u00e8que Nationale de France<\/div>\n<div class=\"\" style=\"text-align: center;\">Quai Fran\u00e7ois-Mauriac &#8211; Paris 13e<\/div>\n<div class=\"\" style=\"text-align: center;\">Salle 70<\/div>\n<div class=\"\" style=\"text-align: center;\">L&rsquo;entr\u00e9e est libre<\/div>\n<div class=\"\" style=\"text-align: center;\"><\/div>\n<\/div>\n<\/div>\n<\/div>\n<div class=\"\">\u00a0Nous aurons le plaisir d&rsquo;accueillir<\/div>\n<div class=\"\" style=\"text-align: center;\"><span style=\"font-size: large;\"><b class=\"\">David Vandermeulen<\/b>,\u00a0<span class=\"\">auteur de la s\u00e9rie\u00a0<b class=\"\"><i class=\"\">Fritz Haber<\/i><\/b>, (Delcourt)<\/span><\/span><\/div>\n<div class=\"\"><\/div>\n<div class=\"\">Lors de cette s\u00e9ance-rencontre, intitul\u00e9e \u00ab\u00a0<b class=\"\">Appropriations des images et \u00e9critures visuelles de l\u2019Histoire : dessiner le pass\u00e9<\/b>\u00ab\u00a0, nous essaierons de comprendre le travail de l\u2019auteur et dessinateur de bande dessin\u00e9e d\u00e8s lors qu\u2019il souhaite r\u00e9-incarner une \u00e9poque pass\u00e9e par le dessin.<\/p>\n<div class=\"\">Vous pouvez retrouver l&rsquo;annonce de l&rsquo;\u00e9v\u00e9nement sur le site de la BNF (avec le plan d&rsquo;acc\u00e8s)\u00a0<a class=\"\" href=\"http:\/\/www.bnf.fr\/fr\/evenements_et_culture\/auditoriums\/f.seminaire_histoire_bd.html?seance=1223920482378\">ici<\/a>.<\/div>\n<div class=\"\">\n<div class=\"\">\n<div class=\"\"><span class=\"\">Nous vous rappelons que vous pouvez consulter le programme complet du\u00a0<\/span><span class=\"\">s\u00e9minaire<\/span><span class=\"\">\u00a0<\/span><a class=\"\" href=\"http:\/\/mainegative.com\/2014\/11\/17\/seminaire-les-ecritures-visuelles-de-lhistoire-dans-la-bande-dessinee-enjeux-et-pratiques\/\" target=\"_blank\">ici<\/a><span class=\"\">.\u00a0<\/span><\/div>\n<\/div>\n<div class=\"\">Au plaisir de nous retrouver,<\/div>\n<div class=\"\">Bien cordialement,<br class=\"\" \/><br class=\"\" \/><\/div>\n<div class=\"\">Adrien Genoudet<\/div>\n<div class=\"\">Pierre-Laurent Daur\u00e8s<\/div>\n<div class=\"\"><span class=\"\">Vincent Marie<\/span><\/div>\n<\/div>\n<\/div>\n","protected":false},"excerpt":{"rendered":"<p>Notre sixi\u00e8me s\u00e9ance se d\u00e9roulera le vendredi 3 avril de 17h \u00e0 19h. \u00e0 la Biblioth\u00e8que Nationale de France Quai Fran\u00e7ois-Mauriac &#8211; Paris 13e Salle 70 L&rsquo;entr\u00e9e est libre \u00a0Nous aurons le plaisir d&rsquo;accueillir David Vandermeulen,\u00a0auteur de la s\u00e9rie\u00a0Fritz Haber,&hellip;<\/p>\n<p class=\"more-link-p\"><a class=\"more-link\" href=\"https:\/\/pilau.fr\/wordpress\/?p=539\">Read more &rarr;<\/a><\/p>\n","protected":false},"author":1,"featured_media":0,"comment_status":"open","ping_status":"open","sticky":false,"template":"","format":"standard","meta":{"footnotes":""},"categories":[6],"tags":[],"_links":{"self":[{"href":"https:\/\/pilau.fr\/wordpress\/index.php?rest_route=\/wp\/v2\/posts\/539"}],"collection":[{"href":"https:\/\/pilau.fr\/wordpress\/index.php?rest_route=\/wp\/v2\/posts"}],"about":[{"href":"https:\/\/pilau.fr\/wordpress\/index.php?rest_route=\/wp\/v2\/types\/post"}],"author":[{"embeddable":true,"href":"https:\/\/pilau.fr\/wordpress\/index.php?rest_route=\/wp\/v2\/users\/1"}],"replies":[{"embeddable":true,"href":"https:\/\/pilau.fr\/wordpress\/index.php?rest_route=%2Fwp%2Fv2%2Fcomments&post=539"}],"version-history":[{"count":1,"href":"https:\/\/pilau.fr\/wordpress\/index.php?rest_route=\/wp\/v2\/posts\/539\/revisions"}],"predecessor-version":[{"id":541,"href":"https:\/\/pilau.fr\/wordpress\/index.php?rest_route=\/wp\/v2\/posts\/539\/revisions\/541"}],"wp:attachment":[{"href":"https:\/\/pilau.fr\/wordpress\/index.php?rest_route=%2Fwp%2Fv2%2Fmedia&parent=539"}],"wp:term":[{"taxonomy":"category","embeddable":true,"href":"https:\/\/pilau.fr\/wordpress\/index.php?rest_route=%2Fwp%2Fv2%2Fcategories&post=539"},{"taxonomy":"post_tag","embeddable":true,"href":"https:\/\/pilau.fr\/wordpress\/index.php?rest_route=%2Fwp%2Fv2%2Ftags&post=539"}],"curies":[{"name":"wp","href":"https:\/\/api.w.org\/{rel}","templated":true}]}}