{"id":221,"date":"2014-11-22T12:04:31","date_gmt":"2014-11-22T11:04:31","guid":{"rendered":"http:\/\/pilau.fr\/wordpress\/?p=221"},"modified":"2015-01-26T11:34:00","modified_gmt":"2015-01-26T10:34:00","slug":"les-ecritures-visuelles-de-lhistoire-seance-introductive-le-1er-decembre-avec-pascal-ory","status":"publish","type":"post","link":"https:\/\/pilau.fr\/wordpress\/?p=221","title":{"rendered":"Les \u00e9critures visuelles de l&rsquo;histoire : S\u00e9ance introductive le 1er d\u00e9cembre avec Pascal Ory"},"content":{"rendered":"<p>Ce s\u00e9minaire organis\u00e9 et anim\u00e9 par <strong>Pierre-Laurent DAURES<\/strong> (Ma\u00eetre de Conf\u00e9rence \u00e0 Sciences Po Paris, enseignant \u00e0 l\u2019Ecole Europ\u00e9enne Sup\u00e9rieure de l\u2019Image, critique sur le site Du9.org), <strong>Adrien GENOUDET<\/strong> (Doctorant \u00e0 Paris VIII et doctorant-associ\u00e9 \u00e0 l\u2019IHTP) et <strong>Vincent MARIE<\/strong> (Docteur et agr\u00e9g\u00e9 d\u2019Histoire, chercheur associ\u00e9 \u00e0 l\u2019Universit\u00e9 de Versailles Saint Quentin en Yvelines et \u00e0 l\u2019Universit\u00e9 Paul-Val\u00e9ry Montpellier 3)\u00a0propose un cycle de s\u00e9ances avec des auteurs, des analystes de la bande dessin\u00e9e et des historiens, pour explorer la lecture particuli\u00e8re que peut apporter le neuvi\u00e8me art face \u00e0 l\u2019Histoire.<\/p>\n<p>Le programme\u00a0est <a title=\"Ecritures visuelles de l\u2019histoire\" href=\"http:\/\/pilau.fr\/wordpress\/?page_id=215\">ici<\/a>\u00a0!<\/p>\n<p>Et \u00e7a commence le 1er d\u00e9cembre \u00e0 15h aux\u00a0Archives Nationales, en pr\u00e9sence de Pascal Ory (entr\u00e9e libre)<\/p>\n<p><img loading=\"lazy\" decoding=\"async\" class=\"aligncenter wp-image-222 size-large\" src=\"http:\/\/pilau.fr\/wordpress\/wp-content\/uploads\/2014\/11\/S\u00e9minaire-IHTP-page-1-723x1024.jpg\" alt=\"S\u00e9minaire IHTP - page 1\" width=\"593\" height=\"839\" srcset=\"https:\/\/pilau.fr\/wordpress\/wp-content\/uploads\/2014\/11\/S\u00e9minaire-IHTP-page-1-723x1024.jpg 723w, https:\/\/pilau.fr\/wordpress\/wp-content\/uploads\/2014\/11\/S\u00e9minaire-IHTP-page-1-211x300.jpg 211w, https:\/\/pilau.fr\/wordpress\/wp-content\/uploads\/2014\/11\/S\u00e9minaire-IHTP-page-1.jpg 1239w\" sizes=\"(max-width: 593px) 100vw, 593px\" \/><\/p>\n","protected":false},"excerpt":{"rendered":"<p>Ce s\u00e9minaire organis\u00e9 et anim\u00e9 par Pierre-Laurent DAURES (Ma\u00eetre de Conf\u00e9rence \u00e0 Sciences Po Paris, enseignant \u00e0 l\u2019Ecole Europ\u00e9enne Sup\u00e9rieure de l\u2019Image, critique sur le site Du9.org), Adrien GENOUDET (Doctorant \u00e0 Paris VIII et doctorant-associ\u00e9 \u00e0 l\u2019IHTP) et Vincent MARIE&hellip;<\/p>\n<p class=\"more-link-p\"><a class=\"more-link\" href=\"https:\/\/pilau.fr\/wordpress\/?p=221\">Read more &rarr;<\/a><\/p>\n","protected":false},"author":1,"featured_media":0,"comment_status":"open","ping_status":"open","sticky":false,"template":"","format":"standard","meta":{"footnotes":""},"categories":[6],"tags":[9],"_links":{"self":[{"href":"https:\/\/pilau.fr\/wordpress\/index.php?rest_route=\/wp\/v2\/posts\/221"}],"collection":[{"href":"https:\/\/pilau.fr\/wordpress\/index.php?rest_route=\/wp\/v2\/posts"}],"about":[{"href":"https:\/\/pilau.fr\/wordpress\/index.php?rest_route=\/wp\/v2\/types\/post"}],"author":[{"embeddable":true,"href":"https:\/\/pilau.fr\/wordpress\/index.php?rest_route=\/wp\/v2\/users\/1"}],"replies":[{"embeddable":true,"href":"https:\/\/pilau.fr\/wordpress\/index.php?rest_route=%2Fwp%2Fv2%2Fcomments&post=221"}],"version-history":[{"count":1,"href":"https:\/\/pilau.fr\/wordpress\/index.php?rest_route=\/wp\/v2\/posts\/221\/revisions"}],"predecessor-version":[{"id":223,"href":"https:\/\/pilau.fr\/wordpress\/index.php?rest_route=\/wp\/v2\/posts\/221\/revisions\/223"}],"wp:attachment":[{"href":"https:\/\/pilau.fr\/wordpress\/index.php?rest_route=%2Fwp%2Fv2%2Fmedia&parent=221"}],"wp:term":[{"taxonomy":"category","embeddable":true,"href":"https:\/\/pilau.fr\/wordpress\/index.php?rest_route=%2Fwp%2Fv2%2Fcategories&post=221"},{"taxonomy":"post_tag","embeddable":true,"href":"https:\/\/pilau.fr\/wordpress\/index.php?rest_route=%2Fwp%2Fv2%2Ftags&post=221"}],"curies":[{"name":"wp","href":"https:\/\/api.w.org\/{rel}","templated":true}]}}