{"id":1140,"date":"2023-04-28T18:17:33","date_gmt":"2023-04-28T17:17:33","guid":{"rendered":"http:\/\/pilau.fr\/wordpress\/?p=1140"},"modified":"2023-04-28T18:21:42","modified_gmt":"2023-04-28T17:21:42","slug":"une-bande-dessinee-hors-les-livres-a-la-defense","status":"publish","type":"post","link":"https:\/\/pilau.fr\/wordpress\/?p=1140","title":{"rendered":"une bande dessin\u00e9e hors les livres \u00e0 La D\u00e9fense"},"content":{"rendered":"<p style=\"font-weight: 400;\"><a href=\"http:\/\/pilau.fr\/wordpress\/wp-content\/uploads\/2023\/04\/bandeau-4-images.jpg\"><img loading=\"lazy\" decoding=\"async\" class=\"aligncenter size-large wp-image-1148\" src=\"http:\/\/pilau.fr\/wordpress\/wp-content\/uploads\/2023\/04\/bandeau-4-images-1024x256.jpg\" alt=\"\" width=\"593\" height=\"148\" srcset=\"https:\/\/pilau.fr\/wordpress\/wp-content\/uploads\/2023\/04\/bandeau-4-images-1024x256.jpg 1024w, https:\/\/pilau.fr\/wordpress\/wp-content\/uploads\/2023\/04\/bandeau-4-images-300x75.jpg 300w, https:\/\/pilau.fr\/wordpress\/wp-content\/uploads\/2023\/04\/bandeau-4-images-768x192.jpg 768w, https:\/\/pilau.fr\/wordpress\/wp-content\/uploads\/2023\/04\/bandeau-4-images.jpg 1890w\" sizes=\"(max-width: 593px) 100vw, 593px\" \/><\/a>Dans la continuit\u00e9 de notre d\u00e9marche cr\u00e9ative interrogeant l\u2019exp\u00e9rience de lecture de la bande dessin\u00e9e (voir <em>Murmures aux archives<\/em>, 2021) , Sarah Ayadi, Olivier Cr\u00e9pin et moi\u00a0avons r\u00e9pondu \u00e0 l\u2019appel \u00e0 projet de Paris La D\u00e9fense en le prenant comme un nouveau d\u00e9fi\u00a0: cr\u00e9er une bande dessin\u00e9e pour l\u2019espace urbain, des r\u00e9cits qui se d\u00e9ploient le long d\u2019une passerelle, qui seront lus par des passants en transit.<\/p>\n<p>voici la video r\u00e9alis\u00e9e par Paris-La d\u00e9fense<\/p>\n<p><a href=\"https:\/\/www.facebook.com\/100009344337634\/videos\/948987486133958\/\">https:\/\/www.facebook.com\/100009344337634\/videos\/948987486133958\/<\/a><\/p>\n<p>Et, pour ceux qui ont envie d\u2019en savoir plus :<\/p>\n<p style=\"font-weight: 400;\"><a href=\"http:\/\/pilau.fr\/wordpress\/wp-content\/uploads\/2023\/04\/CartelLadefense.jpg\"><img loading=\"lazy\" decoding=\"async\" class=\"aligncenter wp-image-1145\" src=\"http:\/\/pilau.fr\/wordpress\/wp-content\/uploads\/2023\/04\/CartelLadefense-1024x512.jpg\" alt=\"\" width=\"524\" height=\"271\" \/><\/a><\/p>\n<p>Nous proposons pour le projet Altiplano une \u00e9criture tissant plusieurs r\u00e9cits dans un espace physique commun investi par les corps des lecteurs ; des r\u00e9cits dont l\u2019\u00e9criture autant que la lecture sont \u00e9troitement d\u00e9termin\u00e9es par la topographie, les caract\u00e9ristiques physiques et la nature du lieu.<\/p>\n<p>Le dispositif que nous proposons articule trois r\u00e9cits, permettant de refl\u00e9ter la grande vari\u00e9t\u00e9 des usagers de La D\u00e9fense et de leurs motivations.<\/p>\n<p>Il r\u00e9pond aussi \u00e0 l\u2019enjeu de proposer des lectures renouvel\u00e9es aux visiteurs r\u00e9guliers et des lectures adapt\u00e9s \u00e0 diff\u00e9rents rythmes de lecture (d\u00e9placement plus ou moins rapide), diff\u00e9rents temps d\u2019attention (dur\u00e9e d\u2019attention limit\u00e9e \u00e0 un panneau ou \u00e9tendue \u00e0 plusieurs panneaux)\u00a0:<\/p>\n<ul>\n<li>Des r\u00e9cits qui se livrent imm\u00e9diatement au lecteur press\u00e9 (grandes images, personnages identifiables de loin, typographies de grande taille), articul\u00e9s \u00e0 d\u2019autres r\u00e9cits appelant une lecture plus attentive\u00a0;<\/li>\n<li>Des r\u00e9cits appelant une continuit\u00e9 de lecture permettant au lecteur de suivre une histoire au fil des panneaux, juxtapos\u00e9s \u00e0 des histoires courtes autonomes que le lecteur peut lire en une fois sans lire l\u2019int\u00e9gralit\u00e9 des panneaux.<\/li>\n<\/ul>\n<p>Le visiteur est ainsi invit\u00e9 \u00e0 passer d\u2019un rythme \u00e0 un autre, d\u2019un temps \u00e0 un autre en choisissant tel ou tel aiguillage du r\u00e9cit<strong>\u00a0<\/strong><\/p>\n<p>Les deux r\u00e9cits principaux se d\u00e9ploient sur 30 cases chacun sur chaque c\u00f4t\u00e9 de la passerelle en se croisant et en interagissant dans leurs r\u00e9solutions ; ils sont ainsi li\u00e9s mais peuvent \u00eatre \u00e9galement lus de fa\u00e7on totalement ind\u00e9pendante. Par ailleurs, les p\u00e9rip\u00e9ties de ces deux r\u00e9cits sont agenc\u00e9es de mani\u00e8res \u00e0 \u00eatre coh\u00e9rentes avec la topographie de la passerelle et notamment les virages et chicanes qu\u2019elle comporte.<\/p>\n<p>Le troisi\u00e8me r\u00e9cit est compos\u00e9 de strips de quelques cases proposant des variations (de situations, de personnages, de lieux) sur un argument commun. Les strips de ce troisi\u00e8me r\u00e9cit sont d\u2019un format plus r\u00e9duit (cases de 15 \u00e0 20cm de haut) et s\u2019int\u00e8grent en incrustation ou en frise dans et autour des deux premiers. Ils peuvent \u00eatre vus comme des micro-\u00e9v\u00e8nements se d\u00e9roulant \u00e0 l\u2019arri\u00e8re-plan des deux premiers ; mais \u00e0 l\u2019inverse, les personnages des r\u00e9cits principaux peuvent aussi appara\u00eetre comme figurants dans les strips&#8230;<\/p>\n<p>&nbsp;<\/p>\n","protected":false},"excerpt":{"rendered":"<p>Dans la continuit\u00e9 de notre d\u00e9marche cr\u00e9ative interrogeant l\u2019exp\u00e9rience de lecture de la bande dessin\u00e9e (voir Murmures aux archives, 2021) , Sarah Ayadi, Olivier Cr\u00e9pin et moi\u00a0avons r\u00e9pondu \u00e0 l\u2019appel \u00e0 projet de Paris La D\u00e9fense en le prenant comme&hellip;<\/p>\n<p class=\"more-link-p\"><a class=\"more-link\" href=\"https:\/\/pilau.fr\/wordpress\/?p=1140\">Read more &rarr;<\/a><\/p>\n","protected":false},"author":1,"featured_media":0,"comment_status":"open","ping_status":"open","sticky":false,"template":"","format":"standard","meta":{"footnotes":""},"categories":[1],"tags":[],"_links":{"self":[{"href":"https:\/\/pilau.fr\/wordpress\/index.php?rest_route=\/wp\/v2\/posts\/1140"}],"collection":[{"href":"https:\/\/pilau.fr\/wordpress\/index.php?rest_route=\/wp\/v2\/posts"}],"about":[{"href":"https:\/\/pilau.fr\/wordpress\/index.php?rest_route=\/wp\/v2\/types\/post"}],"author":[{"embeddable":true,"href":"https:\/\/pilau.fr\/wordpress\/index.php?rest_route=\/wp\/v2\/users\/1"}],"replies":[{"embeddable":true,"href":"https:\/\/pilau.fr\/wordpress\/index.php?rest_route=%2Fwp%2Fv2%2Fcomments&post=1140"}],"version-history":[{"count":3,"href":"https:\/\/pilau.fr\/wordpress\/index.php?rest_route=\/wp\/v2\/posts\/1140\/revisions"}],"predecessor-version":[{"id":1149,"href":"https:\/\/pilau.fr\/wordpress\/index.php?rest_route=\/wp\/v2\/posts\/1140\/revisions\/1149"}],"wp:attachment":[{"href":"https:\/\/pilau.fr\/wordpress\/index.php?rest_route=%2Fwp%2Fv2%2Fmedia&parent=1140"}],"wp:term":[{"taxonomy":"category","embeddable":true,"href":"https:\/\/pilau.fr\/wordpress\/index.php?rest_route=%2Fwp%2Fv2%2Fcategories&post=1140"},{"taxonomy":"post_tag","embeddable":true,"href":"https:\/\/pilau.fr\/wordpress\/index.php?rest_route=%2Fwp%2Fv2%2Ftags&post=1140"}],"curies":[{"name":"wp","href":"https:\/\/api.w.org\/{rel}","templated":true}]}}