{"id":1129,"date":"2023-04-22T14:11:07","date_gmt":"2023-04-22T13:11:07","guid":{"rendered":"http:\/\/pilau.fr\/wordpress\/?p=1129"},"modified":"2023-04-22T14:15:10","modified_gmt":"2023-04-22T13:15:10","slug":"bruno-le-premier-livre-de-la-residence-moulin-boissard","status":"publish","type":"post","link":"https:\/\/pilau.fr\/wordpress\/?p=1129","title":{"rendered":"\u00ab\u00a0Bruno\u00a0\u00bb, le premier livre de la r\u00e9sidence Moulin Boissard"},"content":{"rendered":"<p>Bruno est titulaire rempla\u00e7ant de secteur. Un jour dans une classe maternelle de Saint-Sauvant, le lendemain dans un coll\u00e8ge des 3 cit\u00e9s, la semaine suivante avec les CM 1 de Celle l&rsquo;Evescault, Bruno bat la compagne dons son van. Tous les \u00e9l\u00e8ves le connaissent.<\/p>\n<p><a href=\"http:\/\/pilau.fr\/wordpress\/wp-content\/uploads\/2023\/04\/Bruno-Olivier-cr\u00e9pin-couv-1.jpg\"><img loading=\"lazy\" decoding=\"async\" class=\"aligncenter wp-image-1131\" src=\"http:\/\/pilau.fr\/wordpress\/wp-content\/uploads\/2023\/04\/Bruno-Olivier-cr\u00e9pin-couv-1-1024x1024.jpg\" alt=\"\" width=\"402\" height=\"402\" srcset=\"https:\/\/pilau.fr\/wordpress\/wp-content\/uploads\/2023\/04\/Bruno-Olivier-cr\u00e9pin-couv-1-1024x1024.jpg 1024w, https:\/\/pilau.fr\/wordpress\/wp-content\/uploads\/2023\/04\/Bruno-Olivier-cr\u00e9pin-couv-1-150x150.jpg 150w, https:\/\/pilau.fr\/wordpress\/wp-content\/uploads\/2023\/04\/Bruno-Olivier-cr\u00e9pin-couv-1-300x300.jpg 300w, https:\/\/pilau.fr\/wordpress\/wp-content\/uploads\/2023\/04\/Bruno-Olivier-cr\u00e9pin-couv-1-768x768.jpg 768w\" sizes=\"(max-width: 402px) 100vw, 402px\" \/><\/a><a href=\"http:\/\/pilau.fr\/wordpress\/wp-content\/uploads\/2023\/04\/LOGO-MOULIN-BOISSARD-mail-.jpg\"><br \/>\n<\/a><\/p>\n<p>L&rsquo;auteur de bande dessin\u00e9e Olivier Cr\u00e9pin a rencontr\u00e9 Bruno, l&rsquo;a accompagn\u00e9 en classe et a recueilli son t\u00e9moignage au cours de sa r\u00e9sidence \u00e0 Boissard en mai 2022.<\/p>\n<p><em>Bruno, portrait d&rsquo;un professeur titulaire rempla\u00e7ant de secteur<\/em> est le premier livre de Moulin Boissard qui<span class=\"wixui-rich-text__text\"><span class=\"color_15 wixui-rich-text__text\">\u00a0accueille des auteurs et des autrices de bande dessin\u00e9e en r\u00e9sidence de cr\u00e9ation. <\/span><\/span><\/p>\n<p class=\"font_2 wixui-rich-text__text\"><span class=\"wixui-rich-text__text\"><span class=\"color_15 wixui-rich-text__text\">Les artistes en r\u00e9sidence sont invit\u00e9.e.s \u00e0 documenter en bande dessin\u00e9e un aspect du territoire du Pays M\u00e9lusin en Nouvelle-Aquitaine : sa g\u00e9ographie, ses paysages, son histoire et ses l\u00e9gendes, sa vie quotidienne, ses personnalit\u00e9s, sa sociologie, ses lieux et ses routes&#8230;<br \/>\n<\/span><\/span><\/p>\n<p><a href=\"https:\/\/www.moulinboissard.fr\"><img loading=\"lazy\" decoding=\"async\" class=\"aligncenter wp-image-1134\" src=\"http:\/\/pilau.fr\/wordpress\/wp-content\/uploads\/2023\/04\/LOGO-MOULIN-BOISSARD-1024x592.png\" alt=\"\" width=\"243\" height=\"144\" \/><\/a><\/p>\n<p>&nbsp;<\/p>\n","protected":false},"excerpt":{"rendered":"<p>Bruno est titulaire rempla\u00e7ant de secteur. Un jour dans une classe maternelle de Saint-Sauvant, le lendemain dans un coll\u00e8ge des 3 cit\u00e9s, la semaine suivante avec les CM 1 de Celle l&rsquo;Evescault, Bruno bat la compagne dons son van. Tous&hellip;<\/p>\n<p class=\"more-link-p\"><a class=\"more-link\" href=\"https:\/\/pilau.fr\/wordpress\/?p=1129\">Read more &rarr;<\/a><\/p>\n","protected":false},"author":1,"featured_media":0,"comment_status":"open","ping_status":"open","sticky":false,"template":"","format":"standard","meta":{"footnotes":""},"categories":[1],"tags":[],"_links":{"self":[{"href":"https:\/\/pilau.fr\/wordpress\/index.php?rest_route=\/wp\/v2\/posts\/1129"}],"collection":[{"href":"https:\/\/pilau.fr\/wordpress\/index.php?rest_route=\/wp\/v2\/posts"}],"about":[{"href":"https:\/\/pilau.fr\/wordpress\/index.php?rest_route=\/wp\/v2\/types\/post"}],"author":[{"embeddable":true,"href":"https:\/\/pilau.fr\/wordpress\/index.php?rest_route=\/wp\/v2\/users\/1"}],"replies":[{"embeddable":true,"href":"https:\/\/pilau.fr\/wordpress\/index.php?rest_route=%2Fwp%2Fv2%2Fcomments&post=1129"}],"version-history":[{"count":5,"href":"https:\/\/pilau.fr\/wordpress\/index.php?rest_route=\/wp\/v2\/posts\/1129\/revisions"}],"predecessor-version":[{"id":1137,"href":"https:\/\/pilau.fr\/wordpress\/index.php?rest_route=\/wp\/v2\/posts\/1129\/revisions\/1137"}],"wp:attachment":[{"href":"https:\/\/pilau.fr\/wordpress\/index.php?rest_route=%2Fwp%2Fv2%2Fmedia&parent=1129"}],"wp:term":[{"taxonomy":"category","embeddable":true,"href":"https:\/\/pilau.fr\/wordpress\/index.php?rest_route=%2Fwp%2Fv2%2Fcategories&post=1129"},{"taxonomy":"post_tag","embeddable":true,"href":"https:\/\/pilau.fr\/wordpress\/index.php?rest_route=%2Fwp%2Fv2%2Ftags&post=1129"}],"curies":[{"name":"wp","href":"https:\/\/api.w.org\/{rel}","templated":true}]}}