{"id":1093,"date":"2021-03-26T16:09:24","date_gmt":"2021-03-26T15:09:24","guid":{"rendered":"http:\/\/pilau.fr\/wordpress\/?p=1093"},"modified":"2021-03-26T16:09:51","modified_gmt":"2021-03-26T15:09:51","slug":"vivantes-nous-nous-voulons-une-exposition-virtuelle","status":"publish","type":"post","link":"https:\/\/pilau.fr\/wordpress\/?p=1093","title":{"rendered":"Vivantes, Nous nous voulons &#8211; une exposition virtuelle"},"content":{"rendered":"<p class=\"font_8\"><span class=\"color_11\"><a href=\"https:\/\/www.albertoprod.fr\/vivantes-nous-nous-voulons\"><img loading=\"lazy\" decoding=\"async\" class=\"wp-image-1088 aligncenter\" src=\"http:\/\/pilau.fr\/wordpress\/wp-content\/uploads\/2014\/10\/120372505_10158805548932351_824138603681.jpg\" alt=\"\" width=\"416\" height=\"416\" srcset=\"https:\/\/pilau.fr\/wordpress\/wp-content\/uploads\/2014\/10\/120372505_10158805548932351_824138603681.jpg 448w, https:\/\/pilau.fr\/wordpress\/wp-content\/uploads\/2014\/10\/120372505_10158805548932351_824138603681-150x150.jpg 150w, https:\/\/pilau.fr\/wordpress\/wp-content\/uploads\/2014\/10\/120372505_10158805548932351_824138603681-300x300.jpg 300w\" sizes=\"(max-width: 416px) 100vw, 416px\" \/><\/a>Si environ 150 femmes sont mortes en France en 2019 pour des raisons de genre, la violence envers nous se trouve partout, dans le machisme, le sexisme ordinaire et les discriminations qui empoisonnent toutes sortes de situations de nos vies quotidiennes, dans la cellule familiale, dans le harc\u00e8lement de rue, dans la vie institutionnelle, et ainsi, malheureusement, dans l\u2019imaginaire social, attribuant souvent plus de valeur \u00e0 la parole d\u2019un homme qu\u2019\u00e0 celle d\u2019une femme&#8230;<\/span><\/p>\n<p class=\"font_8\"><span class=\"color_11\">Au-del\u00e0 des mos, les images permettent de donner du sens diff\u00e9remment \u00e0 ces probl\u00e9matiques. Les r\u00e9cits fictifs, biographiques, autobiographiques, les s\u00e9quences d\u2019images expos\u00e9es, portent de multiples regards sur la question, \u00e0 travers des univers graphiques divers, en cl\u00e9 ironique, po\u00e9tique, m\u00e9taphorique, figurative, abstraite\u2026<\/span><\/p>\n<p class=\"font_8\"><span class=\"color_11\">Cette exposition aborde la misogynie dans ses innombrables nuances, de ses versants les plus subtils aux plus flagrants, tout en tenant compte de son caract\u00e8re syst\u00e9mique et historique.\u00a0<\/span><\/p>\n<p class=\"font_8\">Commissariat : Laura Caraballo<\/p>\n<p class=\"font_8\">Sc\u00e9nographie :\u00a0Laura Caraballo et Pierre-Laurent Daures<\/p>\n<p class=\"font_8\"><span class=\"color_11\">Nous vous invitons \u00e0 la d\u00e9couvrir. Pr\u00e9parez vos <a href=\"https:\/\/www.albertoprod.fr\/vivantes-nous-nous-voulons\">CLICS<\/a> et bonne visite !<\/span><\/p>\n","protected":false},"excerpt":{"rendered":"<p>Si environ 150 femmes sont mortes en France en 2019 pour des raisons de genre, la violence envers nous se trouve partout, dans le machisme, le sexisme ordinaire et les discriminations qui empoisonnent toutes sortes de situations de nos vies&hellip;<\/p>\n<p class=\"more-link-p\"><a class=\"more-link\" href=\"https:\/\/pilau.fr\/wordpress\/?p=1093\">Read more &rarr;<\/a><\/p>\n","protected":false},"author":1,"featured_media":0,"comment_status":"open","ping_status":"open","sticky":false,"template":"","format":"standard","meta":{"footnotes":""},"categories":[1],"tags":[],"_links":{"self":[{"href":"https:\/\/pilau.fr\/wordpress\/index.php?rest_route=\/wp\/v2\/posts\/1093"}],"collection":[{"href":"https:\/\/pilau.fr\/wordpress\/index.php?rest_route=\/wp\/v2\/posts"}],"about":[{"href":"https:\/\/pilau.fr\/wordpress\/index.php?rest_route=\/wp\/v2\/types\/post"}],"author":[{"embeddable":true,"href":"https:\/\/pilau.fr\/wordpress\/index.php?rest_route=\/wp\/v2\/users\/1"}],"replies":[{"embeddable":true,"href":"https:\/\/pilau.fr\/wordpress\/index.php?rest_route=%2Fwp%2Fv2%2Fcomments&post=1093"}],"version-history":[{"count":2,"href":"https:\/\/pilau.fr\/wordpress\/index.php?rest_route=\/wp\/v2\/posts\/1093\/revisions"}],"predecessor-version":[{"id":1095,"href":"https:\/\/pilau.fr\/wordpress\/index.php?rest_route=\/wp\/v2\/posts\/1093\/revisions\/1095"}],"wp:attachment":[{"href":"https:\/\/pilau.fr\/wordpress\/index.php?rest_route=%2Fwp%2Fv2%2Fmedia&parent=1093"}],"wp:term":[{"taxonomy":"category","embeddable":true,"href":"https:\/\/pilau.fr\/wordpress\/index.php?rest_route=%2Fwp%2Fv2%2Fcategories&post=1093"},{"taxonomy":"post_tag","embeddable":true,"href":"https:\/\/pilau.fr\/wordpress\/index.php?rest_route=%2Fwp%2Fv2%2Ftags&post=1093"}],"curies":[{"name":"wp","href":"https:\/\/api.w.org\/{rel}","templated":true}]}}