{"id":105,"date":"2014-11-15T18:24:45","date_gmt":"2014-11-15T17:24:45","guid":{"rendered":"http:\/\/pilau.fr\/wordpress\/?p=105"},"modified":"2015-01-26T11:34:49","modified_gmt":"2015-01-26T10:34:49","slug":"ma-vie-de-la-main-gauche-devient-un-livre","status":"publish","type":"post","link":"https:\/\/pilau.fr\/wordpress\/?p=105","title":{"rendered":"\u00ab\u00a0Ma Vie De La Main Gauche\u00a0\u00bb devient un livre !"},"content":{"rendered":"<div><i>Ma Vie De La Main Gauche<\/i>, c\u2019\u00e9tait d\u2019abord un carnet que j\u2019ai tenu pendant un an et demi apr\u00e8s m\u2019\u00eatre cass\u00e9 la main droite dans des circonstances myst\u00e9rieuses ;<\/div>\n<div>\n<div>Un carnet de dessins de la main gauche, donc.<\/div>\n<div><\/div>\n<div><i>Comme une orange<\/i>, petit \u00e9diteur d\u2019Angoul\u00eame a eu l\u2019id\u00e9e d\u00e9raisonnable de m\u2019aider \u00e0 en faire un livre.<\/div>\n<div>Le voil\u00e0 fin pr\u00eat, l\u2019imprimeur n\u2019a plus qu\u2019a faire son travail.<\/div>\n<div>Ensuite, il ne sera peut-\u00eatre pas dans toutes les bonnes librairies, mais j\u2019aimerais bien.<\/div>\n<div><b>J\u2019aimerais encore plus qu\u2019il soit dans votre bo\u00eete \u00e0 lettre puis entre vos mains, car ce livre compte beaucoup pour moi.<\/b><\/div>\n<div><\/div>\n<div>Vous pouvez le commander en pr\u00e9vente sur le site de\u00a0<a href=\"http:\/\/www.commeuneorange.com\/achat-ma-vie-de-la-main-gauche-409427.html\" target=\"_blank\">Comme une orange<\/a><\/div>\n<div>Vous pouvez aussi passer par moi en m&rsquo;\u00e9crivant un mail \u00e0 pilau@pilau.fr<\/div>\n<div><\/div>\n<div>Et d\u00e8s que le livre sera sorti de l\u2019imprimerie (d\u00e9but d\u00e9cembre), hop, le facteur vous l\u2019apportera !<\/div>\n<div>J\u2019esp\u00e8re qu\u2019il vous plaira comme j\u2019ai pris plaisir \u00e0 le faire.<\/div>\n<div><a href=\"http:\/\/pilau.fr\/wordpress\/wp-content\/uploads\/2014\/11\/MVMG-couv.gif\"><img loading=\"lazy\" decoding=\"async\" class=\"aligncenter wp-image-91 size-large\" src=\"http:\/\/pilau.fr\/wordpress\/wp-content\/uploads\/2014\/11\/MVMG-couv-1024x647.gif\" alt=\"MVMG couv\" width=\"593\" height=\"374\" srcset=\"https:\/\/pilau.fr\/wordpress\/wp-content\/uploads\/2014\/11\/MVMG-couv-1024x647.gif 1024w, https:\/\/pilau.fr\/wordpress\/wp-content\/uploads\/2014\/11\/MVMG-couv-300x189.gif 300w\" sizes=\"(max-width: 593px) 100vw, 593px\" \/><\/a><\/div>\n<\/div>\n","protected":false},"excerpt":{"rendered":"<p>Ma Vie De La Main Gauche, c\u2019\u00e9tait d\u2019abord un carnet que j\u2019ai tenu pendant un an et demi apr\u00e8s m\u2019\u00eatre cass\u00e9 la main droite dans des circonstances myst\u00e9rieuses ; Un carnet de dessins de la main gauche, donc. Comme une&hellip;<\/p>\n<p class=\"more-link-p\"><a class=\"more-link\" href=\"https:\/\/pilau.fr\/wordpress\/?p=105\">Read more &rarr;<\/a><\/p>\n","protected":false},"author":1,"featured_media":0,"comment_status":"open","ping_status":"open","sticky":false,"template":"","format":"standard","meta":{"footnotes":""},"categories":[7],"tags":[4,3],"_links":{"self":[{"href":"https:\/\/pilau.fr\/wordpress\/index.php?rest_route=\/wp\/v2\/posts\/105"}],"collection":[{"href":"https:\/\/pilau.fr\/wordpress\/index.php?rest_route=\/wp\/v2\/posts"}],"about":[{"href":"https:\/\/pilau.fr\/wordpress\/index.php?rest_route=\/wp\/v2\/types\/post"}],"author":[{"embeddable":true,"href":"https:\/\/pilau.fr\/wordpress\/index.php?rest_route=\/wp\/v2\/users\/1"}],"replies":[{"embeddable":true,"href":"https:\/\/pilau.fr\/wordpress\/index.php?rest_route=%2Fwp%2Fv2%2Fcomments&post=105"}],"version-history":[{"count":1,"href":"https:\/\/pilau.fr\/wordpress\/index.php?rest_route=\/wp\/v2\/posts\/105\/revisions"}],"predecessor-version":[{"id":106,"href":"https:\/\/pilau.fr\/wordpress\/index.php?rest_route=\/wp\/v2\/posts\/105\/revisions\/106"}],"wp:attachment":[{"href":"https:\/\/pilau.fr\/wordpress\/index.php?rest_route=%2Fwp%2Fv2%2Fmedia&parent=105"}],"wp:term":[{"taxonomy":"category","embeddable":true,"href":"https:\/\/pilau.fr\/wordpress\/index.php?rest_route=%2Fwp%2Fv2%2Fcategories&post=105"},{"taxonomy":"post_tag","embeddable":true,"href":"https:\/\/pilau.fr\/wordpress\/index.php?rest_route=%2Fwp%2Fv2%2Ftags&post=105"}],"curies":[{"name":"wp","href":"https:\/\/api.w.org\/{rel}","templated":true}]}}